{"id":187,"date":"2019-11-05T18:12:22","date_gmt":"2019-11-05T18:12:22","guid":{"rendered":"http:\/\/leer-haltern.de\/?p=187"},"modified":"2019-11-05T18:12:22","modified_gmt":"2019-11-05T18:12:22","slug":"schuetzenverein-als-lebendige-gemeinschaft","status":"publish","type":"post","link":"http:\/\/leer-haltern.de\/?p=187","title":{"rendered":"Sch\u00fctzenverein als lebendige Gemeinschaft"},"content":{"rendered":"\n<p>Beim Sch\u00fctzenverein Leer-Haltern stimmt die Chemie. Das wurde deutlich bei der j\u00fcngsten Jahreshauptversammlung, zu der sich die Vereinsmitglieder bei der Familie Bernhard Wickenbrock versammelt hatten. Die Sch\u00fctzen schenkten Frank Berning als Vorsitzendem des r\u00fchrigen Vereins bei der Wiederwahl einstimmig das Vertrauen. Auch einstimmig wiedergew\u00e4hlt wurden Jens Budde als Schriftf\u00fchrer sowie Oberst Markus May, Hauptmann Henning H\u00f6seler und Adjudant Stefan K\u00f6lker. Auch die Schie\u00dfmeister Olaf Gro\u00dfe-Kleimann und Sven Budde nehmen ihre Aufgabe beim n\u00e4chsten Sch\u00fctzenfest wieder wahr. Alle Abstimmungen erfolgten in geheimer Wahl. <\/p>\n\n\n\n<p>Beim Bericht \u00fcber die Veranstaltungen des Sch\u00fctzenvereins seit der letzten Mitgliederversammlung durch Schriftf\u00fchrer Jens Budde wurde deutlich, wie lebendig die Gemeinschaft ist. In Erinnerung gerufen wurden der Seniorennachmittag, der Sternmarsch zum 500j\u00e4hrigen Jubil\u00e4um von Sellen-Veltrup, das Osterfeuer, der Getr\u00e4nke- und Imbissstand am 1. Mai, die Vereinsfahrt, das Kindersch\u00fctzenfest mit mehr als 50 Kindern, Beteiligung am Pfarrfest, die Mitgestaltung der Leerer Kneipenacht und der Besuch der Sch\u00fctzenfeste der Leerer Sch\u00fctzenvereine. <\/p>\n\n\n\n<p>Dem Bericht zur Finanzlage des Vereins durch Kassierer Christoph Gro\u00dfe-Kleimann war ein positiver Kassenbestand zu entnehmen. H\u00f6hepunkt der harmonisch verlaufenen Versammlung war die Mitgliederehrung f\u00fcr langj\u00e4hrige Mitgliedschaft im Verein. 40 Jahre geh\u00f6ren dem Halterner Verein Bernhard Wickenbrock, Reinhold Schild und Thomas J\u00fcditz an. Die Geehrten erhielten die entsprechenden Orden. Die Halterner Sch\u00fctzen feiern nur alle zwei Jahre. Im n\u00e4chsten Jahr ist es wieder soweit, gefeiert wird \u00fcber Christi Himmelfahrt. Die Vorbereitungen dazu sind weitestgehend abgeschlossen. Der Abend klang mit einem gem\u00fctlichen Beisammensein und einigen gespendeten Litern Freibier harmonisch aus. <\/p>\n\n\n\n<p>Text: Westf\u00e4lische Nachrichten<\/p>\n","protected":false},"excerpt":{"rendered":"<p>Beim Sch\u00fctzenverein Leer-Haltern stimmt die Chemie. Das wurde deutlich bei der j\u00fcngsten Jahreshauptversammlung, zu der sich die Vereinsmitglieder bei der Familie Bernhard Wickenbrock versammelt hatten. Die Sch\u00fctzen schenkten Frank Berning als Vorsitzendem des r\u00fchrigen Vereins bei der Wiederwahl einstimmig das Vertrauen. Auch einstimmig wiedergew\u00e4hlt wurden Jens Budde als Schriftf\u00fchrer sowie Oberst Markus May, Hauptmann Henning &hellip; <\/p>\n<p class=\"link-more\"><a href=\"http:\/\/leer-haltern.de\/?p=187\" class=\"more-link\"><span class=\"screen-reader-text\">\u201eSch\u00fctzenverein als lebendige Gemeinschaft\u201c <\/span>weiterlesen<\/a><\/p>\n","protected":false},"author":1,"featured_media":189,"comment_status":"open","ping_status":"closed","sticky":false,"template":"","format":"standard","meta":{"_jetpack_memberships_contains_paid_content":false,"footnotes":""},"categories":[5],"tags":[],"class_list":["post-187","post","type-post","status-publish","format-standard","has-post-thumbnail","hentry","category-aktuelles"],"jetpack_featured_media_url":"http:\/\/leer-haltern.de\/wp-content\/uploads\/2019\/11\/JHV_Haltern_2019.jpg","jetpack_sharing_enabled":true,"_links":{"self":[{"href":"http:\/\/leer-haltern.de\/index.php?rest_route=\/wp\/v2\/posts\/187","targetHints":{"allow":["GET"]}}],"collection":[{"href":"http:\/\/leer-haltern.de\/index.php?rest_route=\/wp\/v2\/posts"}],"about":[{"href":"http:\/\/leer-haltern.de\/index.php?rest_route=\/wp\/v2\/types\/post"}],"author":[{"embeddable":true,"href":"http:\/\/leer-haltern.de\/index.php?rest_route=\/wp\/v2\/users\/1"}],"replies":[{"embeddable":true,"href":"http:\/\/leer-haltern.de\/index.php?rest_route=%2Fwp%2Fv2%2Fcomments&post=187"}],"version-history":[{"count":1,"href":"http:\/\/leer-haltern.de\/index.php?rest_route=\/wp\/v2\/posts\/187\/revisions"}],"predecessor-version":[{"id":188,"href":"http:\/\/leer-haltern.de\/index.php?rest_route=\/wp\/v2\/posts\/187\/revisions\/188"}],"wp:featuredmedia":[{"embeddable":true,"href":"http:\/\/leer-haltern.de\/index.php?rest_route=\/wp\/v2\/media\/189"}],"wp:attachment":[{"href":"http:\/\/leer-haltern.de\/index.php?rest_route=%2Fwp%2Fv2%2Fmedia&parent=187"}],"wp:term":[{"taxonomy":"category","embeddable":true,"href":"http:\/\/leer-haltern.de\/index.php?rest_route=%2Fwp%2Fv2%2Fcategories&post=187"},{"taxonomy":"post_tag","embeddable":true,"href":"http:\/\/leer-haltern.de\/index.php?rest_route=%2Fwp%2Fv2%2Ftags&post=187"}],"curies":[{"name":"wp","href":"https:\/\/api.w.org\/{rel}","templated":true}]}}