{"id":299,"date":"2021-09-30T16:31:47","date_gmt":"2021-09-30T16:31:47","guid":{"rendered":"http:\/\/leer-haltern.de\/?p=299"},"modified":"2021-09-30T16:31:47","modified_gmt":"2021-09-30T16:31:47","slug":"vorstand-der-halterner-schuetzen-unveraendert","status":"publish","type":"post","link":"http:\/\/leer-haltern.de\/?p=299","title":{"rendered":"Vorstand der Halterner Sch\u00fctzen unver\u00e4ndert"},"content":{"rendered":"\n<p>Die Mitglieder des Sch\u00fctzenvereines Leer-Haltern trafen sich unter Corona-Bedingungen zur Jahreshauptversammlung im Vereinslokal Selker. Die letzte fand vor zwei Jahren statt. Als Folge davon war die Beteiligung entsprechend sehr gut. &#8222;Wir sind froh, dass wir uns endlich wieder einmal treffen k\u00f6nnen&#8220; formulierte der Vorsitzende Frank Berning bei den Begr\u00fc\u00dfungsworten. Freude kam auch auf, als Kassierer Chris Gro\u00dfe Kleimann den Kassenbestand vortrug, der zufriedenstellend war. Die Vereinsbeitr\u00e4ge konnten unver\u00e4ndert bestehen bleiben. Die Kasse hatten Bernhard Wickenbrock und Reinhold Deitermann gepr\u00fcft.<\/p>\n\n\n\n<p>Die Versammlung folgte einstimmig ihrem Vorschlag auf Entlastung des gesamten Vorstandes. Dieser wurde in geheimer Wahl wiedergew\u00e4hlt. Erster Vorsitzender Frank Berning, zweiter Vorsitzender Hendrik Viefhues, Kassierer Chris Gro\u00dfe-Kleimann, Schriftf\u00fchrer Jens Budde, Oberst Markus May, Hauptmann Henning H\u00f6seler, Adjudant Stefan K\u00f6lker, Fahnenoffiziere Matthias H\u00fcsing, Mark Selker, Marius Wewers, Beisitzer Ronny Zimmermann, Hermann Huesmann, Berthold Pagenkemper, Christian Deitermann, Heinz M\u00f6llers und Maik Huesmann. 60 Jahre geh\u00f6rt dem Verein an Bernhard Rottmann, auf vierzig Jahre Vereinstreue blicken Rainer M\u00f6llers und Bernd Gro\u00dfe Kleimann zur\u00fcck.<\/p>\n\n\n\n<p>Schriftf\u00fchrer Jens Budde machte deutlich, was bisher alles ausgefallen. Besonders schwer wog der Ausfall des Sch\u00fctzenfestes im Jahre 2020, zumal man nur alle zwei Jahre feiert, also letztmals im Jahre 2018. Man wolle den Zweijahresrhythmus einhalten und habe daher auch in diesem Jahr nicht gefeiert. Die Vorbereitungen f\u00fcr das Sch\u00fctzenfest im Jahre 2022 liefen bereits auf vollen Touren, so der Vorsitzende. Und das sei gut so, denn es gebe Ver\u00e4nderungen im Bereich der Versorgung mit dem Imbiss am Zelt und der Musik. Hier habe man schon durch entsprechende Vertr\u00e4ge vorgesorgt.<\/p>\n\n\n\n<p>Die Kinder des Vereines gingen in diesem Jahr nicht leer aus. Der Vorstand des Kindersch\u00fctzenfestes hatte sich etwas Besonderes einfallen lassen, es fand ein Fotowettbewerb statt. Alle Kinder waren aufgerufen, einen Schnappschuss zum Thema Sch\u00fctzenfest einzusenden. Anschlie\u00dfend hatte alle Mitglieder die M\u00f6glichkeit, online f\u00fcr das sch\u00f6nste und kreativste Foto abzustimmen. Der Sieger und somit Kindersch\u00fctzenk\u00f6nig 2021 wurde Benedikt Gerwing, punktgleich auf Platz 2 landeten die Fotos von Ronja B\u00f6ckers sowie Pauline und Lutz May. Alle Gewinner freuen sich \u00fcber einen Gutschein.<\/p>\n\n\n\n<p>Aktuell steht beim Sch\u00fctzenverein Leer-Haltern die Renovierung der Kapelle im Fokus. Das Au\u00dfenmauerwerk wurde trocken gelegt. Eingangst\u00fcr und Dachrinnen werden modernisiert, es stehen noch Renovierungsarbeiten im Innern der Kapelle statt.<\/p>\n","protected":false},"excerpt":{"rendered":"<p>Die Mitglieder des Sch\u00fctzenvereines Leer-Haltern trafen sich unter Corona-Bedingungen zur Jahreshauptversammlung im Vereinslokal Selker. Die letzte fand vor zwei Jahren statt. Als Folge davon war die Beteiligung entsprechend sehr gut. &#8222;Wir sind froh, dass wir uns endlich wieder einmal treffen k\u00f6nnen&#8220; formulierte der Vorsitzende Frank Berning bei den Begr\u00fc\u00dfungsworten. Freude kam auch auf, als Kassierer &hellip; <\/p>\n<p class=\"link-more\"><a href=\"http:\/\/leer-haltern.de\/?p=299\" class=\"more-link\"><span class=\"screen-reader-text\">\u201eVorstand der Halterner Sch\u00fctzen unver\u00e4ndert\u201c <\/span>weiterlesen<\/a><\/p>\n","protected":false},"author":1,"featured_media":300,"comment_status":"open","ping_status":"open","sticky":false,"template":"","format":"standard","meta":{"_jetpack_memberships_contains_paid_content":false,"footnotes":""},"categories":[1],"tags":[],"class_list":["post-299","post","type-post","status-publish","format-standard","has-post-thumbnail","hentry","category-uncategorized"],"jetpack_featured_media_url":"http:\/\/leer-haltern.de\/wp-content\/uploads\/2021\/09\/Generalversammlung_2021.jpg","jetpack_sharing_enabled":true,"_links":{"self":[{"href":"http:\/\/leer-haltern.de\/index.php?rest_route=\/wp\/v2\/posts\/299","targetHints":{"allow":["GET"]}}],"collection":[{"href":"http:\/\/leer-haltern.de\/index.php?rest_route=\/wp\/v2\/posts"}],"about":[{"href":"http:\/\/leer-haltern.de\/index.php?rest_route=\/wp\/v2\/types\/post"}],"author":[{"embeddable":true,"href":"http:\/\/leer-haltern.de\/index.php?rest_route=\/wp\/v2\/users\/1"}],"replies":[{"embeddable":true,"href":"http:\/\/leer-haltern.de\/index.php?rest_route=%2Fwp%2Fv2%2Fcomments&post=299"}],"version-history":[{"count":1,"href":"http:\/\/leer-haltern.de\/index.php?rest_route=\/wp\/v2\/posts\/299\/revisions"}],"predecessor-version":[{"id":301,"href":"http:\/\/leer-haltern.de\/index.php?rest_route=\/wp\/v2\/posts\/299\/revisions\/301"}],"wp:featuredmedia":[{"embeddable":true,"href":"http:\/\/leer-haltern.de\/index.php?rest_route=\/wp\/v2\/media\/300"}],"wp:attachment":[{"href":"http:\/\/leer-haltern.de\/index.php?rest_route=%2Fwp%2Fv2%2Fmedia&parent=299"}],"wp:term":[{"taxonomy":"category","embeddable":true,"href":"http:\/\/leer-haltern.de\/index.php?rest_route=%2Fwp%2Fv2%2Fcategories&post=299"},{"taxonomy":"post_tag","embeddable":true,"href":"http:\/\/leer-haltern.de\/index.php?rest_route=%2Fwp%2Fv2%2Ftags&post=299"}],"curies":[{"name":"wp","href":"https:\/\/api.w.org\/{rel}","templated":true}]}}